{"id":411,"date":"2015-05-27T17:36:35","date_gmt":"2015-05-27T17:36:35","guid":{"rendered":"http:\/\/espaiholysticdanna.com\/?p=411"},"modified":"2015-05-27T17:36:35","modified_gmt":"2015-05-27T17:36:35","slug":"la-luna-llena-de-geminis-del-2-de-junio-de-2015","status":"publish","type":"post","link":"https:\/\/espaiholysticdanna.net\/es\/2015\/05\/27\/la-luna-llena-de-geminis-del-2-de-junio-de-2015\/","title":{"rendered":"La Luna Llena"},"content":{"rendered":"<p><img decoding=\"async\" class=\"aligncenter wp-image-375 size-full\" src=\"https:\/\/espaiholysticdanna.files.wordpress.com\/2015\/04\/cursos-b-imatges-040-e1427908410137.jpg\" alt=\"Las fases de la Luna\" width=\"200\" height=\"140\" \/><\/p>\n<p><em>Cada veintiocho \u00a0dias la LUNA\u00a0brilla\u00a0 iluminada en todo su esplendor y plenitud. Justo cuando est\u00e1 a 180 grados del SOL,\u00a0 justo enfrente, se produce este fen\u00f3meno c\u00f3smico\u00a0 desde tiempos inmemoriables.<\/em><\/p>\n<p><em>Es la danza que se establece entre la LUNA y el SOL \u00a0en un ciclo\u00a0 que empieza cada mes en la Luna Nueva en la que los dos se unen <\/em><\/p>\n<p><em>Las energ\u00edas recibidas de esta forma reactivan nuestra voluntad de vivir y de transformaci\u00f3n, necesarias\u00a0 para nuestro desarrollo personal. Y luego, a trav\u00e9s nuestro, fluir hacia toda la humanidad.<\/em><\/p>\n<p><em>Por el trabajo de meditaci\u00f3n, firme y continuo de numerosos individuos y grupos en todas las partes del muno, estos Festivales efect\u00faan actualmente un anclaje subjetivo en la conciencia de la humanidad.<\/em><\/p>\n<p><em>\u00a0<\/em><em>Cada a\u00f1o, m\u00e1s y m\u00e1s personas de orientaci\u00f3n espiritual est\u00e1n reconociendo la importancia de los tres Festivales espirituales principales de Aries, Tauro y G\u00e9minis como constituyentes de un flujo unido de energ\u00edas que afectan a la conciencia humana.<\/em><\/p>\n<p><em>La Pascua, o el Festival del Cristo Resucitado(en la Luna Llena de Aries), va seguido del Festival de la Luna Llena de Wesak, el Fe<\/em><em>stival en G\u00e9minis (en la Luna Llena de G\u00e9minis) o d\u00eda de la Energ\u00eda de la Buena Voluntad. Aunque el cristianismo y el budismo est\u00e1n involucrados, estas meditaciones van m\u00e1s all\u00e1 de las religiones, m\u00e1s all\u00e1 de las estructuras sectarias. Son eventos c\u00f3smicos, a los que cualquier persona, de cualquier lugar, raza, cultura, origen, etc&#8230; puede acceder, pues la energ\u00eda c\u00f3smica, al igual que la lluvia y que la energ\u00eda solar, no discrimina y es generosa para con todos los seres. Es a trav\u00e9s de estas puertas vibracionales que son lashoras antes y despu\u00e9s de la Luna Llena que se puede acceder a esta energ\u00eda con m\u00e1s intensidad.<\/em><\/p>\n<p>&nbsp;<\/p>\n<p>&nbsp;<\/p>\n<p style=\"text-align:center\"><em><strong>La Luna LLena de G\u00e9minis <\/strong><\/em><em>\u00a0<\/em><\/p>\n<p style=\"text-align:left\"><em><img decoding=\"async\" class=\" wp-image-413 alignleft\" src=\"https:\/\/espaiholysticdanna.files.wordpress.com\/2015\/05\/cercle-i.jpg?w=150\" alt=\"\" width=\"247\" height=\"186\" \/><a href=\"https:\/\/espaiholysticdanna.files.wordpress.com\/2015\/05\/la-llama-trina-i.jpg\"><img decoding=\"async\" class=\" wp-image-412 alignright\" src=\"https:\/\/espaiholysticdanna.files.wordpress.com\/2015\/05\/la-llama-trina-i.jpg?w=113\" alt=\"\" width=\"138\" height=\"185\" \/><\/a><\/em><\/p>\n<p><em>A la meditaci\u00f3n planetaria en el signo de G\u00e9minis \u00a0se le llama \u00a0<strong>La Luna Llena de la Buena Voluntad porque<\/strong> <strong>aspira al establecimiento de las justas relaciones entre los seres humanos,\u00a0 y al reconocimiento de su naturaleza espiritual<\/strong>. Abre la puerta a energias que ayudan a la humanidad a sintonizarse con los ritmos c\u00f3smicos, con el fin de que la Unidad en la diversidad se convierta \u00a0en una pr\u00e1ctica, sustentada en un estado de Paz y Progreso continuados.<\/em><\/p>\n<p><em>Cada veintiocho \u00a0dias la Luna\u00a0brilla\u00a0 iluminada por el Sol en todo su esplendor y plenitud en el cielo. Justo cuando est\u00e1 a 180 grados del Sol,\u00a0 justo enfrente, se produce este fen\u00f3meno c\u00f3smico\u00a0 desde tiempos inmemoriables.<\/em><\/p>\n<p><em>Es la danza que se establece entre la Luna y el Sol \u00a0en un ciclo\u00a0 que empieza cada mes en la Luna Nueva, justo en el momento en que los dos se comunican intimamente. A partir de este momento la Luna empieza su fase creciente, y se va alejando del Sol hasta la m\u00e1xima distancia posible, que es cuando se ve la Luna Llena. Es en este\u00a0<strong>\u00a0<\/strong>momento de luna llena cuando la energ\u00eda del Sol en el signo nos llega con m\u00e1s fuerza gracias a la diseminaci\u00f3n que la Luna hace. El efecto m\u00e1s intenso dura desde un d\u00eda antes del momento exacto, hasta un d\u00eda despu\u00e9s aprox. Despu\u00e9s el ciclo se invierte<strong>\u00a0\u00a0<\/strong>y empieza el trayecto de vuelta hasta la Luna Nueva, y vuelta a empezar hasta el pr\u00f3ximo encuentro de luna llena que ocurrir\u00e1 en el siguiente signo. Y as\u00ed es en un ciclo de 12 meses y 13 lunaciones.<\/em><\/p>\n<p><em><strong>Seg\u00fan la tradici\u00f3n ,durante la Luna Llena tiene lugar un proceso de transmisi\u00f3n de energ\u00eda en el plano espiritual que produce un efecto especial en el desarrollo de la humanidad<\/strong>.\u00a0La energ\u00eda, cualificada por la naturaleza y la influencia de cada per\u00edodo de luna llena, fluye hacia nosotr@s en la marea de vida que viene de nuestro Sol. <strong>Meditamos entonces en formaci\u00f3n de grupo porque, cuando la luna \u00a0aparece \u201cllena\u201d en el cielo, la v\u00eda de comunicaci\u00f3n de esta energ\u00eda est\u00e1 muy abierta, clara y sin bloqueos.<\/strong><\/em><\/p>\n<p><em>El efecto producido tiene relaci\u00f3n con el signo zodiacal en el que el Sol se encuentra en ese momento. Tod@s podemos sintonizar con este flujo energ\u00e9tico mediante la meditaci\u00f3n, bien sea individual o en grupo.\u00a0 Las energ\u00edas recibidas de esta forma reactivan nuestra voluntad de vivir y de transformaci\u00f3n, necesarias\u00a0 para nuestro desarrollo personal. Y luego, a trav\u00e9s nuestro, fluyen hacia toda la humanidad.<\/em><\/p>\n<p><strong><em>Por el trabajo de meditaci\u00f3n, firme y continuo de numerosos individuos y grupos en todas las partes del mundo, estos Festivales efect\u00faan actualmente un anclaje subjetivo en la conciencia de la humanidad.<\/em><\/strong><\/p>\n<p><em>\u00a0Cada a\u00f1o, m\u00e1s y m\u00e1s personas de orientaci\u00f3n espiritual est\u00e1n reconociendo la importancia de los tres Festivales espirituales \u00a0principales de Aries, Tauro y G\u00e9minis como constituyentes de un flujo unido de energ\u00edas que afectan a la conciencia humana.<\/em><\/p>\n<p><strong><em>La Pascua, o el Festival del Cristo Resucitado (en la Luna Llena de Aries, la primera de la primavera) tiene que ver con la energ\u00eda creadora de vida que da nacimiento a las formas y es una expresi\u00f3n de Amor.<\/em><\/strong><\/p>\n<p><strong><em>Le sigue el Festival de la Luna Llena de Wesak, el Festival del Buda (en la Luna Llena de Tauro). Aqui se trata de la encarnaci\u00f3n de la Luz, de la expresi\u00f3n de la Sabidur\u00eda.<\/em><\/strong><\/p>\n<p><strong><em>Los dos principios anteriores \u00a0se funden con la energ\u00eda de S\u00edntesis \u00a0durante el tercer Festival de La Buena Voluntad (en la Luna Llena de G\u00e9minis). Aqui se trata de sintonizar a la humanidad con el principio de Amor-Sabidur\u00eda.<\/em><\/strong><\/p>\n<p><strong><em>Aunque el cristianismo y el budismo est\u00e1n involucrados, estas meditaciones van m\u00e1s all\u00e1 de las religiones, m\u00e1s all\u00e1 de las estructuras sectarias. Son eventos c\u00f3smicos, a los que cualquier persona, de cualquier lugar, raza, cultura, origen, etc\u2026 puede acceder, pues la energ\u00eda c\u00f3smica, al igual que la lluvia y que la energ\u00eda solar, no discrimina y es generosa para con todos los seres. Es a trav\u00e9s de estas puertas vibracionales que son las horas antes y despu\u00e9s de la Luna Llena que se puede acceder a esta energ\u00eda con m\u00e1s intensidad.<\/em><\/strong><\/p>\n<p><strong><em>\u00a0<\/em><\/strong><\/p>\n<p>&nbsp;<\/p>\n","protected":false},"excerpt":{"rendered":"<p>Cada veintiocho \u00a0dias la LUNA\u00a0brilla\u00a0 iluminada en todo su esplendor y plenitud. Justo cuando est\u00e1 a 180 grados del SOL,\u00a0 justo enfrente, se produce este fen\u00f3meno c\u00f3smico\u00a0 desde tiempos inmemoriables. [&hellip;]<\/p>\n","protected":false},"author":1001033,"featured_media":0,"comment_status":"open","ping_status":"open","sticky":false,"template":"","format":"standard","meta":{"_jetpack_memberships_contains_paid_content":false,"footnotes":""},"categories":[2],"tags":[],"class_list":["post-411","post","type-post","status-publish","format-standard","hentry","category-sin-categoria"],"jetpack_featured_media_url":"","jetpack_sharing_enabled":true,"_links":{"self":[{"href":"https:\/\/espaiholysticdanna.net\/es\/wp-json\/wp\/v2\/posts\/411","targetHints":{"allow":["GET"]}}],"collection":[{"href":"https:\/\/espaiholysticdanna.net\/es\/wp-json\/wp\/v2\/posts"}],"about":[{"href":"https:\/\/espaiholysticdanna.net\/es\/wp-json\/wp\/v2\/types\/post"}],"author":[{"embeddable":true,"href":"https:\/\/espaiholysticdanna.net\/es\/wp-json\/wp\/v2\/users\/1001033"}],"replies":[{"embeddable":true,"href":"https:\/\/espaiholysticdanna.net\/es\/wp-json\/wp\/v2\/comments?post=411"}],"version-history":[{"count":0,"href":"https:\/\/espaiholysticdanna.net\/es\/wp-json\/wp\/v2\/posts\/411\/revisions"}],"wp:attachment":[{"href":"https:\/\/espaiholysticdanna.net\/es\/wp-json\/wp\/v2\/media?parent=411"}],"wp:term":[{"taxonomy":"category","embeddable":true,"href":"https:\/\/espaiholysticdanna.net\/es\/wp-json\/wp\/v2\/categories?post=411"},{"taxonomy":"post_tag","embeddable":true,"href":"https:\/\/espaiholysticdanna.net\/es\/wp-json\/wp\/v2\/tags?post=411"}],"curies":[{"name":"wp","href":"https:\/\/api.w.org\/{rel}","templated":true}]}}